{"id":261,"date":"2023-02-03T14:50:54","date_gmt":"2023-02-03T14:50:54","guid":{"rendered":"https:\/\/mijnstem.blog\/?p=261"},"modified":"2023-02-03T22:28:10","modified_gmt":"2023-02-03T22:28:10","slug":"mensenrechten-in-nederland-een-veilig-publiek-debat","status":"publish","type":"post","link":"https:\/\/mijnstem.blog\/index.php\/2023\/02\/03\/mensenrechten-in-nederland-een-veilig-publiek-debat\/","title":{"rendered":"Mensenrechten in Nederland &#8211; Een veilig publiek debat"},"content":{"rendered":"\n<p class=\"has-link-color wp-elements-cfd18d1fd1b3ed5defdcaa80428f00fa\">Deze dagen raakte ik bekend met een door de Noorse regering ingestelde commissie voor de vrijheid van meningsuiting in Noorwegen. Ik heb kennisgenomen van delen van het rapport dat door deze commissie is gepubliceerd en door de regering ter inzage en consultatie is voorgelegd. Het maakte me nieuwsgierig of iets dergelijks ook in Nederland bestaat. Zo stuitte ik op de jaarrapportage van het College voor de Rechten van de mens: <em>Mensenrechten in Nederland 2021 \u2013 Een veilig publiek debat<\/em>, dat verschenen is in juni 2022. <a href=\"https:\/\/publicaties.mensenrechten.nl\/publicatie\/b7fa3584-112f-4a3c-8950-a0d0e878faf6\">https:\/\/publicaties.mensenrechten.nl\/publicatie\/b7fa3584-112f-4a3c-8950-a0d0e878faf6<\/a><\/p>\n\n\n\n<p>Het voorwoord begint met: \u201c<em>\u2018De tijden, zo mag men hopen, zijn voorbij dat een verdediging van de \u201cpersvrijheid\u201d als een van de waarborgen tegen een corrupte of tirannieke regering nodig zou zijn\u2019, schreef filosoof en econoom John Stuart Mill in 1859 in zijn boek On Liberty. Ruim anderhalve eeuw later zien we alle aanleiding om de jaarrapportage 2021 te wijden aan het thema vrijheid van meningsuiting. Die vrijheid staat ontegenzeggelijk onder druk.\u201d<\/em><\/p>\n\n\n\n<p>Terecht benadrukt het rapport de essenti\u00eble rol van media in een democratische samenleving. En terecht benoemt het rapport de toegenomen agressie en intimidatie tegenover journalisten en andere media-actoren zoals wetenschappers en experts als zorgelijk. En ook terecht wordt het gevaar van desinformatie genoemd.<\/p>\n\n\n\n<p>Maar ik bleef steken bij de aanbevelingen waarmee het rapport afsluit. Opvallend: het rapport geeft alleen aanbevelingen aan overheid en platformbedrijven (de beheerders van grote platformen als Google, Facebook, Snapchat en Twitter). Maar niet aan de media zelf en ook niet aan burgers. Het Noorse rapport is uitgebreider, grondiger, op meer onderzoek gebaseerd en belicht het onderwerp van meer invalshoeken. Daarmee vergeleken is dit rapport van het College voor de Rechten van de Mens een beknopte en zelfs vluchtige rapportage.<\/p>\n\n\n\n<h1 class=\"has-medium-font-size wp-block-heading\" style=\"font-style:normal;font-weight:600\">Een veilig voorbeeld?<\/h1>\n\n\n\n<p>Maar waar ik van schrok (en tegen de achtergrond van wat ik hier verder op mijn blog schrijf, zul je dat begrijpen) is deze aanbeveling aan de overheid: <em>\u201cGeef als overheidsfunctionarissen en politieke bestuurders het goede voorbeeld en breng de veiligheid van journalisten en experts niet in gevaar door hun integriteit en geloofwaardigheid publiekelijk in twijfel te trekken.\u201d<\/em><\/p>\n\n\n\n<p>Ja, de veiligheid van journalisten moet beschermd worden, absoluut! En volgens het rapport gebeurt er op dat vlak al veel goeds. Maar in deze aanbeveling gaat volgens mij jammer genoeg iets heel erg scheef. De aanbeveling komt erop neer dat niemand de integriteit en geloofwaardigheid van journalisten in twijfel zou mogen trekken. De burger kan zien dat media elkaar vaak de hand boven het hoofd houden en slecht tegen kritiek kunnen. Kritiek op een journalist wordt gemakkelijk afgedaan als: schieten op de boodschapper. Ik ben bang, en constateer helaas, dat deze houding juist polarisatie versterkt en een veelzijdig en open debat in de weg staat. De rol en verantwoordelijkheid van de media zelf ten behoeve van een veilig publiek debat blijft onaangeroerd in het rapport, terwijl de media zelf ook invloed hebben op de openheid en veiligheid van het maatschappelijk debat.<\/p>\n\n\n\n<p>Ik krijg helaas soms de indruk dat reguliere, redactionele media hun onmisbare rol als onafhankelijke vierde macht niet echt willen vervullen, en liever een onderdeel van de trias politica willen zijn door zich op te stellen als wetgevende en rechterlijke (veroordelende) macht. Toonaangevende media gaan zich dan gedragen als een soort hedendaagse farizee\u00ebrs die boven het volk staan en het gewone volk aan zich kunnen onderwerpen. Ze gaan dan genieten van hun macht, hun macht anders aanwenden of zelfs misbruiken. En ze laten zich gemakkelijk leiden door zakelijke belangen, in plaats van werkelijk de vierde macht te zijn die een democratie nodig heeft.<\/p>\n\n\n\n<h1 class=\"has-medium-font-size wp-block-heading\" style=\"font-style:normal;font-weight:600\">De vierde macht naast de trias politica?<\/h1>\n\n\n\n<p>Zo vertelde Peter Vandermeersch, voormalig hoofdredacteur van het NRC Handelsblad, vol trots in zijn jaarbeschouwing naar aanleiding van een affaire waarvan het NRC verslag had gedaan, dat de journalist op de redactie kwam en zijn vingers tellend omhoog stak en zei: \u201cRaad eens hoeveel?\u201d Dat ging dus om de vraag hoeveel koppen er zijn gerold als gevolg van hun berichtgeving. Dat is wat de redactie motiveert. <\/p>\n\n\n\n<p>Een ander voorbeeld in het verlengde van het vorige is de omstreden onderzoeksjournalist Joep Dohmen die een hoge ambtenaar aan de schandpaal had genageld en een paar dagen later naar het huis van die ambtenaar belde om aan diens kinderen te vragen of hun vader nog niet geschorst was. Of, net zo activistisch, zelf op Twitter zijn beklag doet dat zijn artikelen te weinig ophef veroorzaken.<\/p>\n\n\n\n<h1 class=\"has-medium-font-size wp-block-heading\" style=\"font-style:normal;font-weight:600\">\u201cWe wilden geen kwaliteitskrant meer maken \u2026\u201d<\/h1>\n\n\n\n<p class=\"has-link-color wp-elements-68f9e9fc0385a05196e0b23cc7d9769c\">Marcella Breedeveld, destijds adjunct-hoofdredacteur en ook lid van de hoofdredactie van het NRC Handelsblad, verwoordde in een interview met HP\/De Tijd<a id=\"_ftnref1\" href=\"#_ftn1\">[1]<\/a> wat veel lezers zelf ook konden constateren naar aanleiding van het aantreden van Vandermeersch en de nieuwe koers die de krant insloeg: \u201cWe wilden geen kwaliteitskrant meer maken die door niemand gelezen werd.\u201d \u201cWe wilden geen kwaliteitskrant meer maken \u2026\u201d Ja ja, \u201ceen krant moet goed zijn,\u201d voegde Vandermeersch er verplicht aan toe, \u201cmaar mag ook lekker zijn\u201d. En over het aantreden van Vandermeersch bij De Standaard in 1999 vertelt het verslag: \u201cVoortaan werd \u00e9\u00e9n krant gemaakt, volgens \u00e9\u00e9n principe: hoe maken we het de lezer naar de zin?\u201d En bij de entree van Vandermeersch bij NRC: \u201c<em>\u201cFifty million Elvis fans can\u2019t be wrong,\u201d<\/em> werd het nieuwe uitgangspunt.\u201d En: \u201cop het raam van de redactie kwam een grafiek te hangen van het aantal abonnees dat er wekelijks bij kwam of af ging. \u201cDe gedachte dat we moesten groeien, werd ge\u00efntroduceerd als leidend,\u201d zegt Breeveld.\u201d <a href=\"https:\/\/www.hpdetijd.nl\/2018-01-17\/peter-vandermeersch-nrc-handelsblad\/\">https:\/\/www.hpdetijd.nl\/2018-01-17\/peter-vandermeersch-nrc-handelsblad\/<\/a><\/p>\n\n\n\n<h1 class=\"has-medium-font-size wp-block-heading\" style=\"font-style:normal;font-weight:600\">Dilemma<\/h1>\n\n\n\n<p>Terwijl dit soort belangen er voor de gewone burger soms duimendik bovenop liggen en de redacties zelf ze ook niet proberen verhullen, schrijft het rapport van het College voor de Rechten van de Mens dat de overheid het goede voorbeeld moet geven door de integriteit en geloofwaardigheid van de media niet in twijfel te trekken.<\/p>\n\n\n\n<p>Toegegeven, het is een dilemma dat je als krant van je lezer afhankelijk bent. Maar soms smacht ik naar het werk van onafhankelijke, gedegen onderzoeksjournalistiek. Zouden er niet genoeg mensen zoals ik rondlopen om zo\u2019n kwaliteitskrant betaalbaar te houden?<\/p>\n\n\n\n<hr class=\"wp-block-separator has-alpha-channel-opacity\"\/>\n\n\n\n<p><a href=\"#_ftnref1\" id=\"_ftn1\">[1]<\/a> <a href=\"https:\/\/www.hpdetijd.nl\/2018-01-17\/peter-vandermeersch-nrc-handelsblad\/\">https:\/\/www.hpdetijd.nl\/2018-01-17\/peter-vandermeersch-nrc-handelsblad\/<\/a><\/p>\n\n\n\n<p><a href=\"#_ftnref1\" id=\"_ftn1\">[1]<\/a> <a href=\"https:\/\/publicaties.mensenrechten.nl\/publicatie\/b7fa3584-112f-4a3c-8950-a0d0e878faf6\">https:\/\/publicaties.mensenrechten.nl\/publicatie\/b7fa3584-112f-4a3c-8950-a0d0e878faf6<\/a><\/p>\n","protected":false},"excerpt":{"rendered":"<p>Deze dagen raakte ik bekend met een door de Noorse regering ingestelde commissie voor de vrijheid van meningsuiting in Noorwegen. Ik heb kennisgenomen van delen van het rapport dat door deze commissie is gepubliceerd en door de regering ter inzage en consultatie is voorgelegd. Het maakte me nieuwsgierig of iets dergelijks ook in Nederland bestaat. Zo stuitte ik op de jaarrapportage van het College voor de Rechten van de mens: Mensenrechten in Nederland 2021 \u2013 Een veilig publiek debat, dat verschenen is in juni 2022. https:\/\/publicaties.mensenrechten.nl\/publicatie\/b7fa3584-112f-4a3c-8950-a0d0e878faf6 Het voorwoord begint met: \u201c\u2018De tijden, zo mag men hopen, zijn voorbij dat een\u2026<\/p>\n","protected":false},"author":1,"featured_media":263,"comment_status":"open","ping_status":"open","sticky":false,"template":"","format":"standard","meta":{"footnotes":""},"categories":[1],"tags":[],"class_list":["post-261","post","type-post","status-publish","format-standard","has-post-thumbnail","hentry","category-uncategorized"],"blocksy_meta":{"styles_descriptor":{"styles":{"desktop":"","tablet":"","mobile":""},"google_fonts":[],"version":5}},"_links":{"self":[{"href":"https:\/\/mijnstem.blog\/index.php\/wp-json\/wp\/v2\/posts\/261","targetHints":{"allow":["GET"]}}],"collection":[{"href":"https:\/\/mijnstem.blog\/index.php\/wp-json\/wp\/v2\/posts"}],"about":[{"href":"https:\/\/mijnstem.blog\/index.php\/wp-json\/wp\/v2\/types\/post"}],"author":[{"embeddable":true,"href":"https:\/\/mijnstem.blog\/index.php\/wp-json\/wp\/v2\/users\/1"}],"replies":[{"embeddable":true,"href":"https:\/\/mijnstem.blog\/index.php\/wp-json\/wp\/v2\/comments?post=261"}],"version-history":[{"count":7,"href":"https:\/\/mijnstem.blog\/index.php\/wp-json\/wp\/v2\/posts\/261\/revisions"}],"predecessor-version":[{"id":271,"href":"https:\/\/mijnstem.blog\/index.php\/wp-json\/wp\/v2\/posts\/261\/revisions\/271"}],"wp:featuredmedia":[{"embeddable":true,"href":"https:\/\/mijnstem.blog\/index.php\/wp-json\/wp\/v2\/media\/263"}],"wp:attachment":[{"href":"https:\/\/mijnstem.blog\/index.php\/wp-json\/wp\/v2\/media?parent=261"}],"wp:term":[{"taxonomy":"category","embeddable":true,"href":"https:\/\/mijnstem.blog\/index.php\/wp-json\/wp\/v2\/categories?post=261"},{"taxonomy":"post_tag","embeddable":true,"href":"https:\/\/mijnstem.blog\/index.php\/wp-json\/wp\/v2\/tags?post=261"}],"curies":[{"name":"wp","href":"https:\/\/api.w.org\/{rel}","templated":true}]}}